{"id":14,"date":"2015-07-02T12:27:02","date_gmt":"2015-07-02T12:27:02","guid":{"rendered":"http:\/\/www.couleursetvernis.ch\/?p=14"},"modified":"2015-07-02T12:27:02","modified_gmt":"2015-07-02T12:27:02","slug":"deriaz-sa-a-demenager","status":"publish","type":"post","link":"https:\/\/www.couleursetvernis.ch\/index.php\/2015\/07\/02\/deriaz-sa-a-demenager\/","title":{"rendered":"Deriaz SA \u00e0 d\u00e9m\u00e9nager"},"content":{"rendered":"<p><a href=\"https:\/\/www.couleursetvernis.ch\/wp-content\/uploads\/2015\/07\/magasin-deriaz.jpg\"><img loading=\"lazy\" decoding=\"async\" class=\" size-medium wp-image-7 alignleft\" src=\"https:\/\/www.couleursetvernis.ch\/wp-content\/uploads\/2015\/07\/magasin-deriaz-300x225.jpg\" alt=\"magasin deriaz\" width=\"300\" height=\"225\" srcset=\"https:\/\/www.couleursetvernis.ch\/wp-content\/uploads\/2015\/07\/magasin-deriaz-300x225.jpg 300w, https:\/\/www.couleursetvernis.ch\/wp-content\/uploads\/2015\/07\/magasin-deriaz-1024x768.jpg 1024w, https:\/\/www.couleursetvernis.ch\/wp-content\/uploads\/2015\/07\/magasin-deriaz-285x214.jpg 285w, https:\/\/www.couleursetvernis.ch\/wp-content\/uploads\/2015\/07\/magasin-deriaz.jpg 1600w\" sizes=\"auto, (max-width: 300px) 100vw, 300px\" \/><\/a>L&rsquo;entreprise Deriaz sa couleurs et vernis a d\u00e9m\u00e9nag\u00e9.<\/p>\n<p>Retrouvez notre point de vente <a href=\"http:\/\/www.riviera-couleurs.ch\">Riviera Couleurs<\/a> \u00e0 l&rsquo;avenue Reller 32 \u00e0 Corsier.<br \/>\nOu commander en ligne et recevez votre marchandise en 24 heures sur <a href=\"http:\/\/www.magasindepeinture.ch\">magasindepeinture.ch<\/a><\/p>\n","protected":false},"excerpt":{"rendered":"<p>L&rsquo;entreprise Deriaz sa couleurs et vernis a d\u00e9m\u00e9nag\u00e9. Retrouvez notre point de vente Riviera Couleurs \u00e0 l&rsquo;avenue Reller 32 \u00e0 Corsier. Ou commander en ligne et recevez votre marchandise en 24 heures sur magasindepeinture.ch<\/p>\n","protected":false},"author":1,"featured_media":0,"comment_status":"closed","ping_status":"closed","sticky":false,"template":"","format":"standard","meta":{"footnotes":""},"categories":[1],"tags":[],"class_list":["post-14","post","type-post","status-publish","format-standard","hentry","category-uncategorized"],"_links":{"self":[{"href":"https:\/\/www.couleursetvernis.ch\/index.php\/wp-json\/wp\/v2\/posts\/14","targetHints":{"allow":["GET"]}}],"collection":[{"href":"https:\/\/www.couleursetvernis.ch\/index.php\/wp-json\/wp\/v2\/posts"}],"about":[{"href":"https:\/\/www.couleursetvernis.ch\/index.php\/wp-json\/wp\/v2\/types\/post"}],"author":[{"embeddable":true,"href":"https:\/\/www.couleursetvernis.ch\/index.php\/wp-json\/wp\/v2\/users\/1"}],"replies":[{"embeddable":true,"href":"https:\/\/www.couleursetvernis.ch\/index.php\/wp-json\/wp\/v2\/comments?post=14"}],"version-history":[{"count":1,"href":"https:\/\/www.couleursetvernis.ch\/index.php\/wp-json\/wp\/v2\/posts\/14\/revisions"}],"predecessor-version":[{"id":15,"href":"https:\/\/www.couleursetvernis.ch\/index.php\/wp-json\/wp\/v2\/posts\/14\/revisions\/15"}],"wp:attachment":[{"href":"https:\/\/www.couleursetvernis.ch\/index.php\/wp-json\/wp\/v2\/media?parent=14"}],"wp:term":[{"taxonomy":"category","embeddable":true,"href":"https:\/\/www.couleursetvernis.ch\/index.php\/wp-json\/wp\/v2\/categories?post=14"},{"taxonomy":"post_tag","embeddable":true,"href":"https:\/\/www.couleursetvernis.ch\/index.php\/wp-json\/wp\/v2\/tags?post=14"}],"curies":[{"name":"wp","href":"https:\/\/api.w.org\/{rel}","templated":true}]}}